{"id":639,"date":"2025-08-27T10:31:46","date_gmt":"2025-08-27T13:31:46","guid":{"rendered":"https:\/\/www.finisterratopo.com\/?p=639"},"modified":"2025-08-27T10:31:46","modified_gmt":"2025-08-27T13:31:46","slug":"cofinanciado-prorural-leader-governo-dos-acores-portugal-2020-fundo-europeu-agricola-de-desenvolvimento-rural","status":"publish","type":"post","link":"https:\/\/www.finisterratopo.com\/?p=639","title":{"rendered":"Cofinanciado: Prorural+, LEADER, Governo dos A\u00e7ores, Portugal 2020, Fundo Europeu Agr\u00edcola de Desenvolvimento Rural"},"content":{"rendered":"\n<h2 class=\"wp-block-heading\">Ficha de Projeto<\/h2>\n\n\n\n<p><strong><br>Entidade Promotora:<br><\/strong>Finisterra, Cooperativa de Lactic\u00ednios do Topo CRL<\/p>\n\n\n\n<p>Denomina\u00e7\u00e3o do projeto:<br>Aquisi\u00e7\u00e3o de Equipamento e Moderniza\u00e7\u00e3o da Unidade Fabril<\/p>\n\n\n\n<p><strong>Descri\u00e7\u00e3o do projeto:<br><\/strong>Refor\u00e7ar a Competitividade do Setor Agroalimentar<\/p>\n\n\n\n<p><strong>Interven\u00e7\u00e3o:<br><\/strong>6.4.1 Investimento na cria\u00e7\u00e3o e no desenvolvimento de atividades n\u00e3o agr\u00edcolas Data de Aprova\u00e7\u00e3o: 22-05-2017<\/p>\n\n\n\n<p><strong>Data Termo de Aceita\u00e7\u00e3o\/Contrato:<\/strong><br>17-07-2017<\/p>\n\n\n\n<p><strong>Investimento Total Eleg\u00edvel:<\/strong><br>182.806,14 euros<\/p>\n\n\n\n<p><strong>Comparticipa\u00e7\u00e3o Comunit\u00e1ria:<\/strong><br>127.964,30 euros<\/p>\n\n\n\n<p><strong>S\u00edtio Web da Comiss\u00e3o Europeia relativa ao FEADER:<\/strong><br><a href=\"http:\/\/ec.europa.eu\/agriculture\/rural-development2014-2020\/index_pt.htm\">http:\/\/ec.europa.eu\/agriculture\/rural-development2014-2020\/index_pt.htm<\/a><\/p>\n","protected":false},"excerpt":{"rendered":"<p>Ficha de Projeto Entidade Promotora:Finisterra, Cooperativa de Lactic\u00ednios do Topo CRL Denomina\u00e7\u00e3o do projeto:Aquisi\u00e7\u00e3o de Equipamento e Moderniza\u00e7\u00e3o da Unidade Fabril Descri\u00e7\u00e3o do projeto:Refor\u00e7ar a Competitividade do Setor Agroalimentar Interven\u00e7\u00e3o:6.4.1 Investimento na cria\u00e7\u00e3o e no desenvolvimento de atividades n\u00e3o agr\u00edcolas Data de Aprova\u00e7\u00e3o: 22-05-2017 Data Termo de Aceita\u00e7\u00e3o\/Contrato:17-07-2017 Investimento Total Eleg\u00edvel:182.806,14 euros Comparticipa\u00e7\u00e3o Comunit\u00e1ria:127.964,30 euros [&hellip;]<\/p>\n","protected":false},"author":1,"featured_media":165,"comment_status":"open","ping_status":"open","sticky":false,"template":"","format":"standard","meta":{"footnotes":""},"categories":[4],"tags":[],"class_list":["post-639","post","type-post","status-publish","format-standard","has-post-thumbnail","hentry","category-blog"],"_links":{"self":[{"href":"https:\/\/www.finisterratopo.com\/index.php?rest_route=\/wp\/v2\/posts\/639","targetHints":{"allow":["GET"]}}],"collection":[{"href":"https:\/\/www.finisterratopo.com\/index.php?rest_route=\/wp\/v2\/posts"}],"about":[{"href":"https:\/\/www.finisterratopo.com\/index.php?rest_route=\/wp\/v2\/types\/post"}],"author":[{"embeddable":true,"href":"https:\/\/www.finisterratopo.com\/index.php?rest_route=\/wp\/v2\/users\/1"}],"replies":[{"embeddable":true,"href":"https:\/\/www.finisterratopo.com\/index.php?rest_route=%2Fwp%2Fv2%2Fcomments&post=639"}],"version-history":[{"count":1,"href":"https:\/\/www.finisterratopo.com\/index.php?rest_route=\/wp\/v2\/posts\/639\/revisions"}],"predecessor-version":[{"id":640,"href":"https:\/\/www.finisterratopo.com\/index.php?rest_route=\/wp\/v2\/posts\/639\/revisions\/640"}],"wp:featuredmedia":[{"embeddable":true,"href":"https:\/\/www.finisterratopo.com\/index.php?rest_route=\/wp\/v2\/media\/165"}],"wp:attachment":[{"href":"https:\/\/www.finisterratopo.com\/index.php?rest_route=%2Fwp%2Fv2%2Fmedia&parent=639"}],"wp:term":[{"taxonomy":"category","embeddable":true,"href":"https:\/\/www.finisterratopo.com\/index.php?rest_route=%2Fwp%2Fv2%2Fcategories&post=639"},{"taxonomy":"post_tag","embeddable":true,"href":"https:\/\/www.finisterratopo.com\/index.php?rest_route=%2Fwp%2Fv2%2Ftags&post=639"}],"curies":[{"name":"wp","href":"https:\/\/api.w.org\/{rel}","templated":true}]}}